{"id":1099,"date":"2018-06-06T09:42:45","date_gmt":"2018-06-06T07:42:45","guid":{"rendered":"https:\/\/chatdoc.fr\/fr\/?p=1099"},"modified":"2018-09-11T08:45:16","modified_gmt":"2018-09-11T06:45:16","slug":"allergie-et-chat-peut-on-concilier-les-deux","status":"publish","type":"post","link":"https:\/\/chatdoc.fr\/fr\/2018\/06\/06\/allergie-et-chat-peut-on-concilier-les-deux\/","title":{"rendered":"Allergie et chat : peut-on concilier les deux ?"},"content":{"rendered":"<p>\u00c9ternuement, nez qui coule, d\u00e9mangeaison, plaque urticante ou carr\u00e9ment crise d\u2019asthme, non ce n\u2019est pas le printemps qui d\u00e9clenche \u00e7a chez notre ch\u00e8re amie Nathalie mais bien l\u2019arriv\u00e9e, toute princi\u00e8re, de Zumba dans le salon. Alors branle-bas de combat, on s\u00e9pare vite vite les deux pleureuses, celle qui a les yeux comme des tulipes et celle qui ne comprend pas ce qui lui arrive parce qu\u2019elle se serait bien couch\u00e9e l\u00e0 tr\u00e8s exactement sur les genoux de notre copine, et comme on a le c\u0153ur partag\u00e9, on va chercher quelques infos pour voir si, un jour, on peut raisonnablement esp\u00e9rer avoir nos deux blondinettes favorites dans la m\u00eame pi\u00e8ce.<\/p>\n<h1>Quel est le m\u00e9canisme d\u2019une allergie ?<\/h1>\n<p>D\u2019une mani\u00e8re g\u00e9n\u00e9rale, les manifestations allergiques d\u00e9coulent d\u2019une r\u00e9action de notre syst\u00e8me immunitaire qui, face \u00e0 certaines prot\u00e9ines particuli\u00e8res <em>(antig\u00e8nes)<\/em> venant d\u2019animaux ou de plantes, va chercher \u00e0 prot\u00e9ger notre corps. Ce processus, tout \u00e0 fait r\u00e9gulier dans le cas de virus, bact\u00e9ries ou parasites, se r\u00e9v\u00e8le tr\u00e8s exub\u00e9rant dans le cas des allergies et m\u00eame souvent mal dirig\u00e9 puisqu\u2019il induit des r\u00e9actions \u00e0 des substances non nocives. Vu le d\u00e9sagr\u00e9ment et l\u2019ampleur de certaines de ses manifestations, il est surtout \u00e0 prendre tr\u00e8s au s\u00e9rieux !<\/p>\n<h1>Quels sont les d\u00e9clencheurs d\u2019une r\u00e9action allergique aux chats ?<\/h1>\n<p>Dans le cas de l\u2019allergie aux chats, deux prot\u00e9ines sont principalement en cause :<\/p>\n<ul>\n<li>celles s\u00e9cr\u00e9t\u00e9es par la salive et que l\u2019on retrouve partout sur le chat qui fait r\u00e9guli\u00e8rement sa toilette en se l\u00e9chant,<\/li>\n<li>celles venant des glandes s\u00e9bac\u00e9es qui sont situ\u00e9es juste sous la peau et s\u00e9cr\u00e8tent un s\u00e9bum servant de lubrifiant au poil.<\/li>\n<\/ul>\n<p><strong>Il n\u2019y a donc pas \u00e0 proprement parler d\u2019allergie aux poils de chats mais bien aux prot\u00e9ines qu\u2019ils lib\u00e8rent<\/strong>. Moins r\u00e9pandu mais \u00e0 noter quand m\u00eame, certaines personnes peuvent aussi r\u00e9agir aux prot\u00e9ines contenues dans les urines et excr\u00e9ments, en particulier lorsqu\u2019ils proviennent de m\u00e2les non castr\u00e9s.<\/p>\n<h1>Quel type de chat choisir en cas d\u2019allergie ?<\/h1>\n<p>En pr\u00e9lude \u00e0 cette question, il faut bien avoir en t\u00eate que le contexte de d\u00e9clenchement de l\u2019allergie comme le degr\u00e9 de la r\u00e9action est propre \u00e0 chaque sujet.<\/p>\n<p>Selon les cas, les personnes sensibilis\u00e9es peuvent r\u00e9agir au moment de caresser un chat, quand il s\u2019agit de nettoyer sa liti\u00e8re (et l\u00e0 on ne triche pas hein, on ne fait pas semblant pour s\u2019en servir ensuite de pr\u00e9texte), en s\u2019asseyant simplement l\u00e0 o\u00f9 Minnie s\u2019est pr\u00e9c\u00e9demment pr\u00e9lass\u00e9e voire m\u00eame par le simple fait d\u2019inhaler l\u2019un des allerg\u00e8nes pour lequel se sera d\u00e9velopp\u00e9e la sensibilit\u00e9. Chaque situation est donc unique et, sachant que tous les chats produisent des allerg\u00e8nes, cela \u00e9l\u00e8ve au rang de l\u00e9gende urbaine le fait de penser que certaines races b\u00e9n\u00e9ficieraient de la cl\u00e9mence du seigneur allergies.<\/p>\n<p>Pour autant, et ce sans que l\u2019on y ait encore trouv\u00e9 de justification scientifique pr\u00e9cise, il semblerait que les r\u00e9actions soient plus nombreuses en pr\u00e9sence de chats \u00e0 poils longs, peut-\u00eatre parce qu\u2019il y a plus de surface de \u00ab d\u00e9p\u00f4t \u00bb des fameuses prot\u00e9ines et aussi parce qu\u2019on trouve beaucoup plus de poils dans les maisons qui les accueillent. En revanche, il est bien \u00e9tabli que les races \u00e0 poils ras type <a href=\"http:\/\/www.canalvie.com\/famille\/animaux\/race-chat-devon-rex-1.1767997\" target=\"_blank\" rel=\"noopener\">Rex<\/a> ou <a href=\"http:\/\/www.canalvie.com\/famille\/animaux\/race-chat-sphynx-1.1760733\" target=\"_blank\" rel=\"noopener\">Sphynx<\/a> n\u2019\u00e9pargnent pas les personnes sensibles puisque, comme il a \u00e9t\u00e9 expliqu\u00e9 plus haut, le poil n\u2019est que l\u2019un des supports de l\u2019allerg\u00e8ne.<\/p>\n<p>Donc, si d\u2019aventure vous avez gagn\u00e9 \u00e0 pile ou face contre votre sur-r\u00e9activit\u00e9 aux prot\u00e9ines f\u00e9lines et que vous envisagez s\u00e9rieusement l\u2019arriv\u00e9e d\u2019un chat chez vous, ne vous souciez pas tant de la race que du genre et pr\u00e9f\u00e9rez une femelle qui, par nature, produira moins de prot\u00e9ines incrimin\u00e9es.<\/p>\n<h1>Comment minimiser l\u2019interaction avec les agents allerg\u00e8nes du chat ?<\/h1>\n<p>On imagine bien \u00f4 combien peut \u00eatre frustrant le franchissement du seuil de tol\u00e9rance de notre organisme \u00e0 notre cher Prosper et la relation de type amour-interdit qui en d\u00e9coule. Heureusement, lorsque les r\u00e9actions sont mesur\u00e9es, il existe quelques petites astuces qui permettent de maintenir la cohabitation.<\/p>\n<ol>\n<li><strong>Pas de chat dans la chambre et, \u00e0 fortiori, sur votre lit<\/strong> ! \u00c7a c\u2019est vraiment vraiment une r\u00e8gle de base.<\/li>\n<li><strong>Pas d\u2019acc\u00e8s non plus pour Minouche aux pi\u00e8ces avec moquette<\/strong>, c\u2019est the place to be des tentures d\u2019ameublement pour les poils et autres amis allerg\u00e8nes \u2026<\/li>\n<li>Privil\u00e9giez, dans les espaces o\u00f9 votre chat peut aller, les <strong>mati\u00e8res facilement lavables<\/strong> (pas de tissus pour les canap\u00e9s, sols lamin\u00e9s ou carrel\u00e9s\u2026). On est toujours sur la m\u00eame logique d\u2019\u00e9vitement de l\u2019incrustation d\u2019allerg\u00e8ne.<\/li>\n<li><strong>Faites de l\u2019aspirateur votre meilleur ami<\/strong> : il sera, avec son filtre HEPA, l\u2019un des piliers de la ma\u00eetrise de votre allergie. Pensez aussi \u00e0 a\u00e9rer fr\u00e9quemment toutes les pi\u00e8ces.<\/li>\n<li><strong>Installez une chati\u00e8re<\/strong> et encouragez Raoul \u00e0 sortir. Ce sera bon pour lui autant que pour vous, et vous pourrez ainsi profiter \u00e0 fond des retrouvailles !<\/li>\n<li><strong>Utilisez des purificateurs d\u2019air<\/strong>, il faut respirer sain.<\/li>\n<li><strong>Lavez-vous toujours les mains<\/strong> apr\u00e8s avoir caress\u00e9 ou port\u00e9 Bibiche. Si vous oubliez, ne vous grattez pas les yeux tout de suite\u2026<\/li>\n<\/ol>\n<p>Malheureusement il y a des cas o\u00f9 les r\u00e9actions sont beaucoup trop extr\u00eames pour pouvoir conserver un chat chez soi, toutefois certains traitements sur la dur\u00e9e peuvent permettre de stabiliser votre seuil de tol\u00e9rance aux allerg\u00e8nes \u00e0 un niveau relativement acceptable. N\u2019h\u00e9sitez pas \u00e0 consulter votre m\u00e9decin pour \u00e9tablir un diagnostic et trouver une solution appropri\u00e9e.<\/p>\n","protected":false},"excerpt":{"rendered":"<p>\u00c9ternuement, nez qui coule, d\u00e9mangeaison, plaque urticante ou carr\u00e9ment crise d\u2019asthme, non ce n\u2019est pas le printemps qui d\u00e9clenche \u00e7a chez notre ch\u00e8re amie Nathalie mais bien l\u2019arriv\u00e9e, toute princi\u00e8re, de Zumba dans le salon. Alors branle-bas de combat, on s\u00e9pare vite vite les deux pleureuses, celle qui a les yeux comme des tulipes et celle qui ne comprend pas ce qui lui arrive&hellip;<\/p>\n","protected":false},"author":4,"featured_media":1103,"comment_status":"closed","ping_status":"closed","sticky":false,"template":"","format":"standard","meta":[],"categories":[1],"tags":[41,8,15],"yoast_head":"<!-- This site is optimized with the Yoast SEO plugin v20.1 - https:\/\/yoast.com\/wordpress\/plugins\/seo\/ -->\n<title>Allergie et chat : peut-on concilier les deux ? - ChatDOC<\/title>\n<meta name=\"robots\" content=\"index, follow, max-snippet:-1, max-image-preview:large, max-video-preview:-1\" \/>\n<link rel=\"canonical\" href=\"https:\/\/chatdoc.fr\/fr\/2018\/06\/06\/allergie-et-chat-peut-on-concilier-les-deux\/\" \/>\n<meta property=\"og:locale\" content=\"fr_FR\" \/>\n<meta property=\"og:type\" content=\"article\" \/>\n<meta property=\"og:title\" content=\"Allergie et chat : peut-on concilier les deux ? - ChatDOC\" \/>\n<meta property=\"og:description\" content=\"\u00c9ternuement, nez qui coule, d\u00e9mangeaison, plaque urticante ou carr\u00e9ment crise d\u2019asthme, non ce n\u2019est pas le printemps qui d\u00e9clenche \u00e7a chez notre ch\u00e8re amie Nathalie mais bien l\u2019arriv\u00e9e, toute princi\u00e8re, de Zumba dans le salon. Alors branle-bas de combat, on s\u00e9pare vite vite les deux pleureuses, celle qui a les yeux comme des tulipes et celle qui ne comprend pas ce qui lui arrive&hellip;\" \/>\n<meta property=\"og:url\" content=\"https:\/\/chatdoc.fr\/fr\/2018\/06\/06\/allergie-et-chat-peut-on-concilier-les-deux\/\" \/>\n<meta property=\"og:site_name\" content=\"ChatDOC\" \/>\n<meta property=\"article:published_time\" content=\"2018-06-06T07:42:45+00:00\" \/>\n<meta property=\"article:modified_time\" content=\"2018-09-11T06:45:16+00:00\" \/>\n<meta property=\"og:image\" content=\"https:\/\/chatdoc.fr\/fr\/wp-content\/uploads\/2018\/05\/viktor-vasicsek-520020-unsplash-1024x683.jpg\" \/>\n\t<meta property=\"og:image:width\" content=\"1024\" \/>\n\t<meta property=\"og:image:height\" content=\"683\" \/>\n\t<meta property=\"og:image:type\" content=\"image\/jpeg\" \/>\n<meta name=\"author\" content=\"Aude Barichard\" \/>\n<meta name=\"twitter:card\" content=\"summary_large_image\" \/>\n<meta name=\"twitter:label1\" content=\"\u00c9crit par\" \/>\n\t<meta name=\"twitter:data1\" content=\"Aude Barichard\" \/>\n\t<meta name=\"twitter:label2\" content=\"Dur\u00e9e de lecture estim\u00e9e\" \/>\n\t<meta name=\"twitter:data2\" content=\"5 minutes\" \/>\n<script type=\"application\/ld+json\" class=\"yoast-schema-graph\">{\"@context\":\"https:\/\/schema.org\",\"@graph\":[{\"@type\":\"WebPage\",\"@id\":\"https:\/\/chatdoc.fr\/fr\/2018\/06\/06\/allergie-et-chat-peut-on-concilier-les-deux\/\",\"url\":\"https:\/\/chatdoc.fr\/fr\/2018\/06\/06\/allergie-et-chat-peut-on-concilier-les-deux\/\",\"name\":\"Allergie et chat : peut-on concilier les deux ? - ChatDOC\",\"isPartOf\":{\"@id\":\"https:\/\/chatdoc.fr\/fr\/#website\"},\"datePublished\":\"2018-06-06T07:42:45+00:00\",\"dateModified\":\"2018-09-11T06:45:16+00:00\",\"author\":{\"@id\":\"https:\/\/chatdoc.fr\/fr\/#\/schema\/person\/b77d6d2ec4cba06d3d86695bd7d0f285\"},\"breadcrumb\":{\"@id\":\"https:\/\/chatdoc.fr\/fr\/2018\/06\/06\/allergie-et-chat-peut-on-concilier-les-deux\/#breadcrumb\"},\"inLanguage\":\"fr-FR\",\"potentialAction\":[{\"@type\":\"ReadAction\",\"target\":[\"https:\/\/chatdoc.fr\/fr\/2018\/06\/06\/allergie-et-chat-peut-on-concilier-les-deux\/\"]}]},{\"@type\":\"BreadcrumbList\",\"@id\":\"https:\/\/chatdoc.fr\/fr\/2018\/06\/06\/allergie-et-chat-peut-on-concilier-les-deux\/#breadcrumb\",\"itemListElement\":[{\"@type\":\"ListItem\",\"position\":1,\"name\":\"Accueil\",\"item\":\"https:\/\/chatdoc.fr\/fr\/\"},{\"@type\":\"ListItem\",\"position\":2,\"name\":\"Allergie et chat : peut-on concilier les deux ?\"}]},{\"@type\":\"WebSite\",\"@id\":\"https:\/\/chatdoc.fr\/fr\/#website\",\"url\":\"https:\/\/chatdoc.fr\/fr\/\",\"name\":\"ChatDOC\",\"description\":\"Tout pour le chat et pour tous les chats\",\"potentialAction\":[{\"@type\":\"SearchAction\",\"target\":{\"@type\":\"EntryPoint\",\"urlTemplate\":\"https:\/\/chatdoc.fr\/fr\/?s={search_term_string}\"},\"query-input\":\"required name=search_term_string\"}],\"inLanguage\":\"fr-FR\"},{\"@type\":\"Person\",\"@id\":\"https:\/\/chatdoc.fr\/fr\/#\/schema\/person\/b77d6d2ec4cba06d3d86695bd7d0f285\",\"name\":\"Aude Barichard\",\"image\":{\"@type\":\"ImageObject\",\"inLanguage\":\"fr-FR\",\"@id\":\"https:\/\/chatdoc.fr\/fr\/#\/schema\/person\/image\/\",\"url\":\"https:\/\/chatdoc.fr\/fr\/wp-content\/uploads\/2019\/02\/aude-150x150.png\",\"contentUrl\":\"https:\/\/chatdoc.fr\/fr\/wp-content\/uploads\/2019\/02\/aude-150x150.png\",\"caption\":\"Aude Barichard\"},\"url\":\"https:\/\/chatdoc.fr\/fr\/author\/aude\/\"}]}<\/script>\n<!-- \/ Yoast SEO plugin. -->","yoast_head_json":{"title":"Allergie et chat : peut-on concilier les deux ? - ChatDOC","robots":{"index":"index","follow":"follow","max-snippet":"max-snippet:-1","max-image-preview":"max-image-preview:large","max-video-preview":"max-video-preview:-1"},"canonical":"https:\/\/chatdoc.fr\/fr\/2018\/06\/06\/allergie-et-chat-peut-on-concilier-les-deux\/","og_locale":"fr_FR","og_type":"article","og_title":"Allergie et chat : peut-on concilier les deux ? - ChatDOC","og_description":"\u00c9ternuement, nez qui coule, d\u00e9mangeaison, plaque urticante ou carr\u00e9ment crise d\u2019asthme, non ce n\u2019est pas le printemps qui d\u00e9clenche \u00e7a chez notre ch\u00e8re amie Nathalie mais bien l\u2019arriv\u00e9e, toute princi\u00e8re, de Zumba dans le salon. Alors branle-bas de combat, on s\u00e9pare vite vite les deux pleureuses, celle qui a les yeux comme des tulipes et celle qui ne comprend pas ce qui lui arrive&hellip;","og_url":"https:\/\/chatdoc.fr\/fr\/2018\/06\/06\/allergie-et-chat-peut-on-concilier-les-deux\/","og_site_name":"ChatDOC","article_published_time":"2018-06-06T07:42:45+00:00","article_modified_time":"2018-09-11T06:45:16+00:00","og_image":[{"width":1024,"height":683,"url":"https:\/\/chatdoc.fr\/fr\/wp-content\/uploads\/2018\/05\/viktor-vasicsek-520020-unsplash-1024x683.jpg","type":"image\/jpeg"}],"author":"Aude Barichard","twitter_card":"summary_large_image","twitter_misc":{"\u00c9crit par":"Aude Barichard","Dur\u00e9e de lecture estim\u00e9e":"5 minutes"},"schema":{"@context":"https:\/\/schema.org","@graph":[{"@type":"WebPage","@id":"https:\/\/chatdoc.fr\/fr\/2018\/06\/06\/allergie-et-chat-peut-on-concilier-les-deux\/","url":"https:\/\/chatdoc.fr\/fr\/2018\/06\/06\/allergie-et-chat-peut-on-concilier-les-deux\/","name":"Allergie et chat : peut-on concilier les deux ? - ChatDOC","isPartOf":{"@id":"https:\/\/chatdoc.fr\/fr\/#website"},"datePublished":"2018-06-06T07:42:45+00:00","dateModified":"2018-09-11T06:45:16+00:00","author":{"@id":"https:\/\/chatdoc.fr\/fr\/#\/schema\/person\/b77d6d2ec4cba06d3d86695bd7d0f285"},"breadcrumb":{"@id":"https:\/\/chatdoc.fr\/fr\/2018\/06\/06\/allergie-et-chat-peut-on-concilier-les-deux\/#breadcrumb"},"inLanguage":"fr-FR","potentialAction":[{"@type":"ReadAction","target":["https:\/\/chatdoc.fr\/fr\/2018\/06\/06\/allergie-et-chat-peut-on-concilier-les-deux\/"]}]},{"@type":"BreadcrumbList","@id":"https:\/\/chatdoc.fr\/fr\/2018\/06\/06\/allergie-et-chat-peut-on-concilier-les-deux\/#breadcrumb","itemListElement":[{"@type":"ListItem","position":1,"name":"Accueil","item":"https:\/\/chatdoc.fr\/fr\/"},{"@type":"ListItem","position":2,"name":"Allergie et chat : peut-on concilier les deux ?"}]},{"@type":"WebSite","@id":"https:\/\/chatdoc.fr\/fr\/#website","url":"https:\/\/chatdoc.fr\/fr\/","name":"ChatDOC","description":"Tout pour le chat et pour tous les chats","potentialAction":[{"@type":"SearchAction","target":{"@type":"EntryPoint","urlTemplate":"https:\/\/chatdoc.fr\/fr\/?s={search_term_string}"},"query-input":"required name=search_term_string"}],"inLanguage":"fr-FR"},{"@type":"Person","@id":"https:\/\/chatdoc.fr\/fr\/#\/schema\/person\/b77d6d2ec4cba06d3d86695bd7d0f285","name":"Aude Barichard","image":{"@type":"ImageObject","inLanguage":"fr-FR","@id":"https:\/\/chatdoc.fr\/fr\/#\/schema\/person\/image\/","url":"https:\/\/chatdoc.fr\/fr\/wp-content\/uploads\/2019\/02\/aude-150x150.png","contentUrl":"https:\/\/chatdoc.fr\/fr\/wp-content\/uploads\/2019\/02\/aude-150x150.png","caption":"Aude Barichard"},"url":"https:\/\/chatdoc.fr\/fr\/author\/aude\/"}]}},"_links":{"self":[{"href":"https:\/\/chatdoc.fr\/fr\/wp-json\/wp\/v2\/posts\/1099"}],"collection":[{"href":"https:\/\/chatdoc.fr\/fr\/wp-json\/wp\/v2\/posts"}],"about":[{"href":"https:\/\/chatdoc.fr\/fr\/wp-json\/wp\/v2\/types\/post"}],"author":[{"embeddable":true,"href":"https:\/\/chatdoc.fr\/fr\/wp-json\/wp\/v2\/users\/4"}],"replies":[{"embeddable":true,"href":"https:\/\/chatdoc.fr\/fr\/wp-json\/wp\/v2\/comments?post=1099"}],"version-history":[{"count":4,"href":"https:\/\/chatdoc.fr\/fr\/wp-json\/wp\/v2\/posts\/1099\/revisions"}],"predecessor-version":[{"id":1105,"href":"https:\/\/chatdoc.fr\/fr\/wp-json\/wp\/v2\/posts\/1099\/revisions\/1105"}],"wp:featuredmedia":[{"embeddable":true,"href":"https:\/\/chatdoc.fr\/fr\/wp-json\/wp\/v2\/media\/1103"}],"wp:attachment":[{"href":"https:\/\/chatdoc.fr\/fr\/wp-json\/wp\/v2\/media?parent=1099"}],"wp:term":[{"taxonomy":"category","embeddable":true,"href":"https:\/\/chatdoc.fr\/fr\/wp-json\/wp\/v2\/categories?post=1099"},{"taxonomy":"post_tag","embeddable":true,"href":"https:\/\/chatdoc.fr\/fr\/wp-json\/wp\/v2\/tags?post=1099"}],"curies":[{"name":"wp","href":"https:\/\/api.w.org\/{rel}","templated":true}]}}